{"id":111184,"date":"2024-09-25T06:00:44","date_gmt":"2024-09-25T10:00:44","guid":{"rendered":"https:\/\/latinbusinesstoday.com\/el-bilinguismo-habilidad-invaluable-en-el-lugar-de-trabajo\/"},"modified":"2025-12-06T11:13:52","modified_gmt":"2025-12-06T15:13:52","slug":"el-bilinguismo-habilidad-invaluable-en-el-lugar-de-trabajo","status":"publish","type":"post","link":"https:\/\/latinbusinesstoday.com\/es\/el-bilinguismo-habilidad-invaluable-en-el-lugar-de-trabajo\/","title":{"rendered":"El Biling\u00fcismo: Habilidad Invaluable en el Lugar de Trabajo"},"content":{"rendered":"<h2><span style=\"font-weight: 400;\">Consejos para profundizar tu competencia en tus dos idiomas<\/span><\/h2>\n<p><span style=\"font-weight: 400;\">Tengo un amigo que consigui\u00f3 un excelente ascenso cuando su empresa con sede en Estados Unidos consigui\u00f3 un contrato para un proyecto a gran escala en una ciudad de Sudam\u00e9rica. Sin lugar a dudas, la experiencia de mi amigo en su campo fue clave para conseguir ese ascenso, pero el agente acelerador secreto fue que habla espa\u00f1ol con fluidez. Trabaj\u00f3 en Sudam\u00e9rica durante un a\u00f1o y fue de veras una experiencia transformadora que ayud\u00f3 a impulsar su carrera hacia adelante de maneras inesperadas y muy positivas.<\/span><\/p>\n<p><span style=\"font-weight: 400;\">El mundo es un pa\u00f1uelo, tan peque\u00f1o que casi cabe en tus manos. Incluso los espacios de nuestra vida cotidiana son globales, y en esos espacios el biling\u00fcismo es una habilidad cada vez m\u00e1s valiosa para los profesionales de cualquier campo, especialmente aquellos que trabajan con personas. El Secretario de Educaci\u00f3n de EE. UU., Miguel Cardona, <\/span><a href=\"https:\/\/www.ed.gov\/news\/speeches\/secretary-cardona-touts-multilingual-education-being-bilingual-superpower-initiative-launch-event\"><span style=\"font-weight: 400;\">llama al biling\u00fcismo un superpoder<\/span><\/a><span style=\"font-weight: 400;\">, y estoy de acuerdo. En el contexto empresarial profesional, tu superpoder biling\u00fce te da acceso a nuevas oportunidades, aumenta tus habilidades de comunicaci\u00f3n y te ayuda a hacer que tu entorno de trabajo sea m\u00e1s inclusivo.<\/span><\/p>\n<h2><b>El biling\u00fcismo abre puertas<\/b><\/h2>\n<p><span style=\"font-weight: 400;\">Como experiment\u00f3 mi amigo cuando su capacidad en espa\u00f1ol contribuy\u00f3 a esa oportunidad en Sudam\u00e9rica, si hablas varios idiomas, tendr\u00e1s una ventaja en un mercado laboral competitivo. Muchas organizaciones buscan activamente empleados biling\u00fces para atender a sus diversos clientes o para poder operar de manera m\u00e1s efectiva en los mercados internacionales, y <\/span><a href=\"https:\/\/research.newamericaneconomy.org\/report\/not-lost-in-translation-the-growing-importance-of-foreign-language-skills-in-the-u-s-job-market\/\"><span style=\"font-weight: 400;\">la demanda de talento biling\u00fce parece estar creciendo<\/span><\/a><span style=\"font-weight: 400;\">. Aprovechando sus habilidades ling\u00fc\u00edsticas, los profesionales biling\u00fces pueden acceder a una gama m\u00e1s amplia de opciones profesionales y aumentar su empleabilidad. Incluso hay evidencia de que <\/span><a href=\"https:\/\/digitalcommons.lmu.edu\/cgi\/viewcontent.cgi?article=1027&amp;context=education_fac\"><span style=\"font-weight: 400;\">los trabajadores biling\u00fces tienen un mayor potencial de ingresos<\/span><\/a><span style=\"font-weight: 400;\">, especialmente en lugares donde hay grandes poblaciones multiling\u00fces.<\/span><\/p>\n<h2><b>El biling\u00fcismo mejora la comunicaci\u00f3n y la colaboraci\u00f3n<\/b><\/h2>\n<p><span style=\"font-weight: 400;\">Una ventaja simple de ser biling\u00fce es que puedes comunicarte con m\u00e1s personas que si solo hablas un idioma. Tu competencia en tu otro idioma no necesita ser tan fuerte: puede ser suficiente como para poder comentar sobre el clima o sobre qu\u00e9 equipo est\u00e1 en cabeza en la Copa Am\u00e9rica. A veces, tu capacidad para conectar en espa\u00f1ol con alguien que habla poco ingl\u00e9s puede realmente mejorar la colaboraci\u00f3n en un entorno empresarial. La superaci\u00f3n de las barreras ling\u00fc\u00edsticas facilita las interacciones, lo que ayuda a que los dem\u00e1s se sientan bienvenidos y les brinda la capacidad de contribuir m\u00e1s plenamente a las discusiones.<\/span><\/p>\n<h2><b>El biling\u00fcismo fomenta un entorno de trabajo inclusivo<\/b><\/h2>\n<p><span style=\"font-weight: 400;\">Los profesionales biling\u00fces son especialmente h\u00e1biles para construir relaciones s\u00f3lidas, resolver conflictos de manera m\u00e1s eficaz y crear un entorno de trabajo m\u00e1s cohesionado. \u00bfC\u00f3mo funciona? <\/span><a href=\"https:\/\/www.ncbi.nlm.nih.gov\/pmc\/articles\/PMC6798053\/\"><span style=\"font-weight: 400;\">El biling\u00fcismo promueve la competencia cultural<\/span><\/a><span style=\"font-weight: 400;\">, un componente esencial de la comunicaci\u00f3n y la colaboraci\u00f3n interculturales efectivas. Hablar dos idiomas generalmente significa exposici\u00f3n a dos (o m\u00e1s) culturas y hace que las personas sean m\u00e1s h\u00e1biles para navegar por las diferencias y encontrar puntos en com\u00fan. Esta experiencia puede trasladarse al lugar de trabajo, donde los empleados biling\u00fces pueden generar confianza, empat\u00eda y respeto mutuo con colegas y clientes de diversos or\u00edgenes. Un entorno de trabajo inclusivo ayuda a que un equipo diverso prospere, lo que conduce a una mayor productividad e innovaci\u00f3n.<\/span><\/p>\n<h2><b>Profundiza tu superpoder biling\u00fce<\/b><\/h2>\n<p><span style=\"font-weight: 400;\">Es probable que, como profesional biling\u00fce, ya est\u00e9s ejerciendo tu superpoder biling\u00fce, pero si no es as\u00ed, aqu\u00ed te ofrecemos algunos consejos para profundizar tus habilidades:<\/span><\/p>\n<ol>\n<li style=\"font-weight: 400;\" aria-level=\"1\"><span style=\"font-weight: 400;\">Aseg\u00farate de que tu curr\u00edculum incluya los idiomas que dominas, comenzando por tu idioma dominante (que puede ser o no tu lengua materna), y especifica tu nivel de competencia en cada idioma. Es posible que debas incluir m\u00e1s detalles si tu profesi\u00f3n requiere que certifiques tu competencia.<\/span><\/li>\n<li style=\"font-weight: 400;\" aria-level=\"1\"><span style=\"font-weight: 400;\">Ayuda a superar las brechas de comunicaci\u00f3n actuando como int\u00e9rprete o facilitador ingenuo, incluso durante una reuni\u00f3n, una presentaci\u00f3n u otro entorno profesional. Tus habilidades de interpretaci\u00f3n no necesitan ser perfectas para ser efectivas y, a veces, el mero hecho de que est\u00e9s tratando de superar la brecha es todo lo que importa. Pero se consciente de tus l\u00edmites: hay algunos entornos profesionales (contextos sanitarios y legales, por ejemplo) en los que se requiere una certificaci\u00f3n biling\u00fce, ya que un error de traducci\u00f3n puede tener graves consecuencias.<\/span><\/li>\n<li style=\"font-weight: 400;\" aria-level=\"1\"><span style=\"font-weight: 400;\">Comprom\u00e9tete a profundizar tu biling\u00fcismo. Si no tienes suficiente experiencia con leer o escribir en uno de tus idiomas, haz un curso. Si sientes que podr\u00edas hablar con m\u00e1s fluidez en uno de tus idiomas, b\u00fascate un compa\u00f1ero de conversaci\u00f3n.<\/span><\/li>\n<\/ol>\n<p><span style=\"font-weight: 400;\">El biling\u00fcismo es una habilidad invaluable para los profesionales de negocios latinos. Aprovecha tus habilidades biling\u00fces para prosperar en el panorama empresarial global de hoy y hacer que la fuerza laboral diversa sea m\u00e1s inclusiva.<\/span><\/p>\n","protected":false},"excerpt":{"rendered":"<p>Consejos para profundizar tu competencia en tus dos idiomas Tengo un amigo que consigui\u00f3 un excelente ascenso cuando su empresa con sede en Estados Unidos consigui\u00f3 un contrato para un &#8230;<\/p>\n","protected":false},"author":2094,"featured_media":110636,"comment_status":"closed","ping_status":"closed","sticky":false,"template":"","format":"standard","meta":{"_acf_changed":false,"om_disable_all_campaigns":false,"inline_featured_image":false,"footnotes":""},"categories":[1683,1653,1589],"tags":[1705,1674,1704,1703],"class_list":["post-111184","post","type-post","status-publish","format-standard","has-post-thumbnail","hentry","category-comunicacion","category-perspectivas-latinas-es","category-vida-y-trabajo","tag-bilinguismo","tag-comunicacion-es","tag-idioma","tag-idioma-espanol"],"acf":[],"yoast_head":"<!-- This site is optimized with the Yoast SEO plugin v27.2 - https:\/\/yoast.com\/product\/yoast-seo-wordpress\/ -->\n<title>El Biling\u00fcismo: Habilidad Invaluable en el Lugar de Trabajo - Latin Business Hoy<\/title>\n<meta name=\"description\" content=\"Tengo un amigo que consigui\u00f3 un excelente ascenso cuando su empresa con sede en Estados Unidos consigui\u00f3 un contrato para un proyecto....\" \/>\n<meta name=\"robots\" content=\"index, follow, max-snippet:-1, max-image-preview:large, max-video-preview:-1\" \/>\n<link rel=\"canonical\" href=\"https:\/\/latinbusinesstoday.com\/es\/el-bilinguismo-habilidad-invaluable-en-el-lugar-de-trabajo\/\" \/>\n<meta property=\"og:locale\" content=\"es_ES\" \/>\n<meta property=\"og:type\" content=\"article\" \/>\n<meta property=\"og:title\" content=\"El Biling\u00fcismo: Habilidad Invaluable en el Lugar de Trabajo - Latin Business Hoy\" \/>\n<meta property=\"og:description\" content=\"Tengo un amigo que consigui\u00f3 un excelente ascenso cuando su empresa con sede en Estados Unidos consigui\u00f3 un contrato para un proyecto....\" \/>\n<meta property=\"og:url\" content=\"https:\/\/latinbusinesstoday.com\/es\/el-bilinguismo-habilidad-invaluable-en-el-lugar-de-trabajo\/\" \/>\n<meta property=\"og:site_name\" content=\"Latin Business Hoy\" \/>\n<meta property=\"article:publisher\" content=\"https:\/\/www.facebook.com\/LatinBusinessToday\" \/>\n<meta property=\"article:published_time\" content=\"2024-09-25T10:00:44+00:00\" \/>\n<meta property=\"article:modified_time\" content=\"2025-12-06T15:13:52+00:00\" \/>\n<meta property=\"og:image\" content=\"https:\/\/latinbusinesstoday.com\/wp-content\/uploads\/2024\/09\/Bilingualism-An-Invaluable-Asset-in-the-Workplace-scaled.jpeg\" \/>\n\t<meta property=\"og:image:width\" content=\"2560\" \/>\n\t<meta property=\"og:image:height\" content=\"1707\" \/>\n\t<meta property=\"og:image:type\" content=\"image\/jpeg\" \/>\n<meta name=\"author\" content=\"Eva Fern\u00e1ndez\" \/>\n<meta name=\"twitter:card\" content=\"summary_large_image\" \/>\n<meta name=\"twitter:creator\" content=\"@latinbiztoday\" \/>\n<meta name=\"twitter:site\" content=\"@latinbiztoday\" \/>\n<meta name=\"twitter:label1\" content=\"Escrito por\" \/>\n\t<meta name=\"twitter:data1\" content=\"Eva Fern\u00e1ndez\" \/>\n\t<meta name=\"twitter:label2\" content=\"Tiempo de lectura\" \/>\n\t<meta name=\"twitter:data2\" content=\"4 minutos\" \/>\n<script type=\"application\/ld+json\" class=\"yoast-schema-graph\">{\"@context\":\"https:\/\/schema.org\",\"@graph\":[{\"@type\":\"Article\",\"@id\":\"https:\/\/latinbusinesstoday.com\/es\/el-bilinguismo-habilidad-invaluable-en-el-lugar-de-trabajo\/#article\",\"isPartOf\":{\"@id\":\"https:\/\/latinbusinesstoday.com\/es\/el-bilinguismo-habilidad-invaluable-en-el-lugar-de-trabajo\/\"},\"author\":{\"name\":\"Eva Fern\u00e1ndez\",\"@id\":\"https:\/\/latinbusinesstoday.com\/es\/#\/schema\/person\/37b6b250dcc930f0ff2ca0a2229ed9fa\"},\"headline\":\"El Biling\u00fcismo: Habilidad Invaluable en el Lugar de Trabajo\",\"datePublished\":\"2024-09-25T10:00:44+00:00\",\"dateModified\":\"2025-12-06T15:13:52+00:00\",\"mainEntityOfPage\":{\"@id\":\"https:\/\/latinbusinesstoday.com\/es\/el-bilinguismo-habilidad-invaluable-en-el-lugar-de-trabajo\/\"},\"wordCount\":873,\"publisher\":{\"@id\":\"https:\/\/latinbusinesstoday.com\/es\/#organization\"},\"image\":{\"@id\":\"https:\/\/latinbusinesstoday.com\/es\/el-bilinguismo-habilidad-invaluable-en-el-lugar-de-trabajo\/#primaryimage\"},\"thumbnailUrl\":\"https:\/\/latinbusinesstoday.com\/wp-content\/uploads\/2024\/09\/Bilingualism-An-Invaluable-Asset-in-the-Workplace-scaled.jpeg\",\"keywords\":[\"biling\u00fcismo\",\"comunicaci\u00f3n\",\"idioma\",\"idioma espa\u00f1ol\"],\"articleSection\":[\"Comunicaci\u00f3n\",\"Perspectivas Latinas\",\"Vida y Trabajo\"],\"inLanguage\":\"es\"},{\"@type\":\"WebPage\",\"@id\":\"https:\/\/latinbusinesstoday.com\/es\/el-bilinguismo-habilidad-invaluable-en-el-lugar-de-trabajo\/\",\"url\":\"https:\/\/latinbusinesstoday.com\/es\/el-bilinguismo-habilidad-invaluable-en-el-lugar-de-trabajo\/\",\"name\":\"El Biling\u00fcismo: Habilidad Invaluable en el Lugar de Trabajo - Latin Business Hoy\",\"isPartOf\":{\"@id\":\"https:\/\/latinbusinesstoday.com\/es\/#website\"},\"primaryImageOfPage\":{\"@id\":\"https:\/\/latinbusinesstoday.com\/es\/el-bilinguismo-habilidad-invaluable-en-el-lugar-de-trabajo\/#primaryimage\"},\"image\":{\"@id\":\"https:\/\/latinbusinesstoday.com\/es\/el-bilinguismo-habilidad-invaluable-en-el-lugar-de-trabajo\/#primaryimage\"},\"thumbnailUrl\":\"https:\/\/latinbusinesstoday.com\/wp-content\/uploads\/2024\/09\/Bilingualism-An-Invaluable-Asset-in-the-Workplace-scaled.jpeg\",\"datePublished\":\"2024-09-25T10:00:44+00:00\",\"dateModified\":\"2025-12-06T15:13:52+00:00\",\"description\":\"Tengo un amigo que consigui\u00f3 un excelente ascenso cuando su empresa con sede en Estados Unidos consigui\u00f3 un contrato para un proyecto....\",\"breadcrumb\":{\"@id\":\"https:\/\/latinbusinesstoday.com\/es\/el-bilinguismo-habilidad-invaluable-en-el-lugar-de-trabajo\/#breadcrumb\"},\"inLanguage\":\"es\",\"potentialAction\":[{\"@type\":\"ReadAction\",\"target\":[\"https:\/\/latinbusinesstoday.com\/es\/el-bilinguismo-habilidad-invaluable-en-el-lugar-de-trabajo\/\"]}]},{\"@type\":\"ImageObject\",\"inLanguage\":\"es\",\"@id\":\"https:\/\/latinbusinesstoday.com\/es\/el-bilinguismo-habilidad-invaluable-en-el-lugar-de-trabajo\/#primaryimage\",\"url\":\"https:\/\/latinbusinesstoday.com\/wp-content\/uploads\/2024\/09\/Bilingualism-An-Invaluable-Asset-in-the-Workplace-scaled.jpeg\",\"contentUrl\":\"https:\/\/latinbusinesstoday.com\/wp-content\/uploads\/2024\/09\/Bilingualism-An-Invaluable-Asset-in-the-Workplace-scaled.jpeg\",\"width\":2560,\"height\":1707,\"caption\":\"Young Latin American woman with a red headset and positive attitude, posing on camera. Youth and vintage technology concept\"},{\"@type\":\"BreadcrumbList\",\"@id\":\"https:\/\/latinbusinesstoday.com\/es\/el-bilinguismo-habilidad-invaluable-en-el-lugar-de-trabajo\/#breadcrumb\",\"itemListElement\":[{\"@type\":\"ListItem\",\"position\":1,\"name\":\"P\u00e1gina Principal\",\"item\":\"https:\/\/latinbusinesstoday.com\/es\/\"},{\"@type\":\"ListItem\",\"position\":2,\"name\":\"Negocios\",\"item\":\"https:\/\/latinbusinesstoday.com\/es\/categoria\/negocios\/\"},{\"@type\":\"ListItem\",\"position\":3,\"name\":\"Comunicaci\u00f3n\",\"item\":\"https:\/\/latinbusinesstoday.com\/es\/categoria\/negocios\/comunicacion\/\"},{\"@type\":\"ListItem\",\"position\":4,\"name\":\"El Biling\u00fcismo: Habilidad Invaluable en el Lugar de Trabajo\"}]},{\"@type\":\"WebSite\",\"@id\":\"https:\/\/latinbusinesstoday.com\/es\/#website\",\"url\":\"https:\/\/latinbusinesstoday.com\/es\/\",\"name\":\"Latin Business Hoy\",\"description\":\"Red de Negocios Hispanos\",\"publisher\":{\"@id\":\"https:\/\/latinbusinesstoday.com\/es\/#organization\"},\"potentialAction\":[{\"@type\":\"SearchAction\",\"target\":{\"@type\":\"EntryPoint\",\"urlTemplate\":\"https:\/\/latinbusinesstoday.com\/es\/?s={search_term_string}\"},\"query-input\":{\"@type\":\"PropertyValueSpecification\",\"valueRequired\":true,\"valueName\":\"search_term_string\"}}],\"inLanguage\":\"es\"},{\"@type\":\"Organization\",\"@id\":\"https:\/\/latinbusinesstoday.com\/es\/#organization\",\"name\":\"Latin Business Hoy\",\"url\":\"https:\/\/latinbusinesstoday.com\/es\/\",\"logo\":{\"@type\":\"ImageObject\",\"inLanguage\":\"es\",\"@id\":\"https:\/\/latinbusinesstoday.com\/es\/#\/schema\/logo\/image\/\",\"url\":\"https:\/\/latinbusinesstoday.com\/wp-content\/uploads\/2022\/04\/LBT-main-logo-menu-300.png\",\"contentUrl\":\"https:\/\/latinbusinesstoday.com\/wp-content\/uploads\/2022\/04\/LBT-main-logo-menu-300.png\",\"width\":300,\"height\":160,\"caption\":\"Latin Business Hoy\"},\"image\":{\"@id\":\"https:\/\/latinbusinesstoday.com\/es\/#\/schema\/logo\/image\/\"},\"sameAs\":[\"https:\/\/www.facebook.com\/LatinBusinessToday\",\"https:\/\/x.com\/latinbiztoday\",\"https:\/\/instagram.com\/latinbusinesstoday\",\"https:\/\/www.linkedin.com\/company\/2364132\/\"]},{\"@type\":\"Person\",\"@id\":\"https:\/\/latinbusinesstoday.com\/es\/#\/schema\/person\/37b6b250dcc930f0ff2ca0a2229ed9fa\",\"name\":\"Eva Fern\u00e1ndez\",\"image\":{\"@type\":\"ImageObject\",\"inLanguage\":\"es\",\"@id\":\"https:\/\/latinbusinesstoday.com\/wp-content\/uploads\/2024\/08\/Eva-Fernandez-150x150.jpg\",\"url\":\"https:\/\/latinbusinesstoday.com\/wp-content\/uploads\/2024\/08\/Eva-Fernandez-150x150.jpg\",\"contentUrl\":\"https:\/\/latinbusinesstoday.com\/wp-content\/uploads\/2024\/08\/Eva-Fernandez-150x150.jpg\",\"caption\":\"Eva Fern\u00e1ndez\"},\"description\":\"Eva M. Fern\u00e1ndez, PhD, is a higher education leader with experience fostering faculty effectiveness in teaching, deepening learning through experiential education, strengthening institutions through shared governance, and forging institutional and community partnerships. Her leadership experience includes serving as Provost and Vice President for Academic Affairs at Mercy University and as Interim Vice President for Academic Affairs and Provost at the Stella and Charles Guttman Community College, in the City University of New York (CUNY). Previously, at Queens College, she held a progression of roles culminating in Associate Provost for Innovation and Student Success.\",\"sameAs\":[\"http:\/\/www.linkedin.com\/in\/emfernandez\"],\"url\":\"https:\/\/latinbusinesstoday.com\/es\/author\/dr-eva-fernandez\/\"}]}<\/script>\n<!-- \/ Yoast SEO plugin. -->","yoast_head_json":{"title":"El Biling\u00fcismo: Habilidad Invaluable en el Lugar de Trabajo - Latin Business Hoy","description":"Tengo un amigo que consigui\u00f3 un excelente ascenso cuando su empresa con sede en Estados Unidos consigui\u00f3 un contrato para un proyecto....","robots":{"index":"index","follow":"follow","max-snippet":"max-snippet:-1","max-image-preview":"max-image-preview:large","max-video-preview":"max-video-preview:-1"},"canonical":"https:\/\/latinbusinesstoday.com\/es\/el-bilinguismo-habilidad-invaluable-en-el-lugar-de-trabajo\/","og_locale":"es_ES","og_type":"article","og_title":"El Biling\u00fcismo: Habilidad Invaluable en el Lugar de Trabajo - Latin Business Hoy","og_description":"Tengo un amigo que consigui\u00f3 un excelente ascenso cuando su empresa con sede en Estados Unidos consigui\u00f3 un contrato para un proyecto....","og_url":"https:\/\/latinbusinesstoday.com\/es\/el-bilinguismo-habilidad-invaluable-en-el-lugar-de-trabajo\/","og_site_name":"Latin Business Hoy","article_publisher":"https:\/\/www.facebook.com\/LatinBusinessToday","article_published_time":"2024-09-25T10:00:44+00:00","article_modified_time":"2025-12-06T15:13:52+00:00","og_image":[{"width":2560,"height":1707,"url":"https:\/\/latinbusinesstoday.com\/wp-content\/uploads\/2024\/09\/Bilingualism-An-Invaluable-Asset-in-the-Workplace-scaled.jpeg","type":"image\/jpeg"}],"author":"Eva Fern\u00e1ndez","twitter_card":"summary_large_image","twitter_creator":"@latinbiztoday","twitter_site":"@latinbiztoday","twitter_misc":{"Escrito por":"Eva Fern\u00e1ndez","Tiempo de lectura":"4 minutos"},"schema":{"@context":"https:\/\/schema.org","@graph":[{"@type":"Article","@id":"https:\/\/latinbusinesstoday.com\/es\/el-bilinguismo-habilidad-invaluable-en-el-lugar-de-trabajo\/#article","isPartOf":{"@id":"https:\/\/latinbusinesstoday.com\/es\/el-bilinguismo-habilidad-invaluable-en-el-lugar-de-trabajo\/"},"author":{"name":"Eva Fern\u00e1ndez","@id":"https:\/\/latinbusinesstoday.com\/es\/#\/schema\/person\/37b6b250dcc930f0ff2ca0a2229ed9fa"},"headline":"El Biling\u00fcismo: Habilidad Invaluable en el Lugar de Trabajo","datePublished":"2024-09-25T10:00:44+00:00","dateModified":"2025-12-06T15:13:52+00:00","mainEntityOfPage":{"@id":"https:\/\/latinbusinesstoday.com\/es\/el-bilinguismo-habilidad-invaluable-en-el-lugar-de-trabajo\/"},"wordCount":873,"publisher":{"@id":"https:\/\/latinbusinesstoday.com\/es\/#organization"},"image":{"@id":"https:\/\/latinbusinesstoday.com\/es\/el-bilinguismo-habilidad-invaluable-en-el-lugar-de-trabajo\/#primaryimage"},"thumbnailUrl":"https:\/\/latinbusinesstoday.com\/wp-content\/uploads\/2024\/09\/Bilingualism-An-Invaluable-Asset-in-the-Workplace-scaled.jpeg","keywords":["biling\u00fcismo","comunicaci\u00f3n","idioma","idioma espa\u00f1ol"],"articleSection":["Comunicaci\u00f3n","Perspectivas Latinas","Vida y Trabajo"],"inLanguage":"es"},{"@type":"WebPage","@id":"https:\/\/latinbusinesstoday.com\/es\/el-bilinguismo-habilidad-invaluable-en-el-lugar-de-trabajo\/","url":"https:\/\/latinbusinesstoday.com\/es\/el-bilinguismo-habilidad-invaluable-en-el-lugar-de-trabajo\/","name":"El Biling\u00fcismo: Habilidad Invaluable en el Lugar de Trabajo - Latin Business Hoy","isPartOf":{"@id":"https:\/\/latinbusinesstoday.com\/es\/#website"},"primaryImageOfPage":{"@id":"https:\/\/latinbusinesstoday.com\/es\/el-bilinguismo-habilidad-invaluable-en-el-lugar-de-trabajo\/#primaryimage"},"image":{"@id":"https:\/\/latinbusinesstoday.com\/es\/el-bilinguismo-habilidad-invaluable-en-el-lugar-de-trabajo\/#primaryimage"},"thumbnailUrl":"https:\/\/latinbusinesstoday.com\/wp-content\/uploads\/2024\/09\/Bilingualism-An-Invaluable-Asset-in-the-Workplace-scaled.jpeg","datePublished":"2024-09-25T10:00:44+00:00","dateModified":"2025-12-06T15:13:52+00:00","description":"Tengo un amigo que consigui\u00f3 un excelente ascenso cuando su empresa con sede en Estados Unidos consigui\u00f3 un contrato para un proyecto....","breadcrumb":{"@id":"https:\/\/latinbusinesstoday.com\/es\/el-bilinguismo-habilidad-invaluable-en-el-lugar-de-trabajo\/#breadcrumb"},"inLanguage":"es","potentialAction":[{"@type":"ReadAction","target":["https:\/\/latinbusinesstoday.com\/es\/el-bilinguismo-habilidad-invaluable-en-el-lugar-de-trabajo\/"]}]},{"@type":"ImageObject","inLanguage":"es","@id":"https:\/\/latinbusinesstoday.com\/es\/el-bilinguismo-habilidad-invaluable-en-el-lugar-de-trabajo\/#primaryimage","url":"https:\/\/latinbusinesstoday.com\/wp-content\/uploads\/2024\/09\/Bilingualism-An-Invaluable-Asset-in-the-Workplace-scaled.jpeg","contentUrl":"https:\/\/latinbusinesstoday.com\/wp-content\/uploads\/2024\/09\/Bilingualism-An-Invaluable-Asset-in-the-Workplace-scaled.jpeg","width":2560,"height":1707,"caption":"Young Latin American woman with a red headset and positive attitude, posing on camera. Youth and vintage technology concept"},{"@type":"BreadcrumbList","@id":"https:\/\/latinbusinesstoday.com\/es\/el-bilinguismo-habilidad-invaluable-en-el-lugar-de-trabajo\/#breadcrumb","itemListElement":[{"@type":"ListItem","position":1,"name":"P\u00e1gina Principal","item":"https:\/\/latinbusinesstoday.com\/es\/"},{"@type":"ListItem","position":2,"name":"Negocios","item":"https:\/\/latinbusinesstoday.com\/es\/categoria\/negocios\/"},{"@type":"ListItem","position":3,"name":"Comunicaci\u00f3n","item":"https:\/\/latinbusinesstoday.com\/es\/categoria\/negocios\/comunicacion\/"},{"@type":"ListItem","position":4,"name":"El Biling\u00fcismo: Habilidad Invaluable en el Lugar de Trabajo"}]},{"@type":"WebSite","@id":"https:\/\/latinbusinesstoday.com\/es\/#website","url":"https:\/\/latinbusinesstoday.com\/es\/","name":"Latin Business Hoy","description":"Red de Negocios Hispanos","publisher":{"@id":"https:\/\/latinbusinesstoday.com\/es\/#organization"},"potentialAction":[{"@type":"SearchAction","target":{"@type":"EntryPoint","urlTemplate":"https:\/\/latinbusinesstoday.com\/es\/?s={search_term_string}"},"query-input":{"@type":"PropertyValueSpecification","valueRequired":true,"valueName":"search_term_string"}}],"inLanguage":"es"},{"@type":"Organization","@id":"https:\/\/latinbusinesstoday.com\/es\/#organization","name":"Latin Business Hoy","url":"https:\/\/latinbusinesstoday.com\/es\/","logo":{"@type":"ImageObject","inLanguage":"es","@id":"https:\/\/latinbusinesstoday.com\/es\/#\/schema\/logo\/image\/","url":"https:\/\/latinbusinesstoday.com\/wp-content\/uploads\/2022\/04\/LBT-main-logo-menu-300.png","contentUrl":"https:\/\/latinbusinesstoday.com\/wp-content\/uploads\/2022\/04\/LBT-main-logo-menu-300.png","width":300,"height":160,"caption":"Latin Business Hoy"},"image":{"@id":"https:\/\/latinbusinesstoday.com\/es\/#\/schema\/logo\/image\/"},"sameAs":["https:\/\/www.facebook.com\/LatinBusinessToday","https:\/\/x.com\/latinbiztoday","https:\/\/instagram.com\/latinbusinesstoday","https:\/\/www.linkedin.com\/company\/2364132\/"]},{"@type":"Person","@id":"https:\/\/latinbusinesstoday.com\/es\/#\/schema\/person\/37b6b250dcc930f0ff2ca0a2229ed9fa","name":"Eva Fern\u00e1ndez","image":{"@type":"ImageObject","inLanguage":"es","@id":"https:\/\/latinbusinesstoday.com\/wp-content\/uploads\/2024\/08\/Eva-Fernandez-150x150.jpg","url":"https:\/\/latinbusinesstoday.com\/wp-content\/uploads\/2024\/08\/Eva-Fernandez-150x150.jpg","contentUrl":"https:\/\/latinbusinesstoday.com\/wp-content\/uploads\/2024\/08\/Eva-Fernandez-150x150.jpg","caption":"Eva Fern\u00e1ndez"},"description":"Eva M. Fern\u00e1ndez, PhD, is a higher education leader with experience fostering faculty effectiveness in teaching, deepening learning through experiential education, strengthening institutions through shared governance, and forging institutional and community partnerships. Her leadership experience includes serving as Provost and Vice President for Academic Affairs at Mercy University and as Interim Vice President for Academic Affairs and Provost at the Stella and Charles Guttman Community College, in the City University of New York (CUNY). Previously, at Queens College, she held a progression of roles culminating in Associate Provost for Innovation and Student Success.","sameAs":["http:\/\/www.linkedin.com\/in\/emfernandez"],"url":"https:\/\/latinbusinesstoday.com\/es\/author\/dr-eva-fernandez\/"}]}},"_links":{"self":[{"href":"https:\/\/latinbusinesstoday.com\/es\/wp-json\/wp\/v2\/posts\/111184","targetHints":{"allow":["GET"]}}],"collection":[{"href":"https:\/\/latinbusinesstoday.com\/es\/wp-json\/wp\/v2\/posts"}],"about":[{"href":"https:\/\/latinbusinesstoday.com\/es\/wp-json\/wp\/v2\/types\/post"}],"author":[{"embeddable":true,"href":"https:\/\/latinbusinesstoday.com\/es\/wp-json\/wp\/v2\/users\/2094"}],"replies":[{"embeddable":true,"href":"https:\/\/latinbusinesstoday.com\/es\/wp-json\/wp\/v2\/comments?post=111184"}],"version-history":[{"count":1,"href":"https:\/\/latinbusinesstoday.com\/es\/wp-json\/wp\/v2\/posts\/111184\/revisions"}],"predecessor-version":[{"id":111185,"href":"https:\/\/latinbusinesstoday.com\/es\/wp-json\/wp\/v2\/posts\/111184\/revisions\/111185"}],"wp:featuredmedia":[{"embeddable":true,"href":"https:\/\/latinbusinesstoday.com\/es\/wp-json\/wp\/v2\/media\/110636"}],"wp:attachment":[{"href":"https:\/\/latinbusinesstoday.com\/es\/wp-json\/wp\/v2\/media?parent=111184"}],"wp:term":[{"taxonomy":"category","embeddable":true,"href":"https:\/\/latinbusinesstoday.com\/es\/wp-json\/wp\/v2\/categories?post=111184"},{"taxonomy":"post_tag","embeddable":true,"href":"https:\/\/latinbusinesstoday.com\/es\/wp-json\/wp\/v2\/tags?post=111184"}],"curies":[{"name":"wp","href":"https:\/\/api.w.org\/{rel}","templated":true}]}}