{"id":111527,"date":"2024-12-13T06:00:11","date_gmt":"2024-12-13T10:00:11","guid":{"rendered":"https:\/\/latinbusinesstoday.com\/?p=111527"},"modified":"2025-12-06T10:47:51","modified_gmt":"2025-12-06T14:47:51","slug":"alzheimer-en-nuestra-comunidad","status":"publish","type":"post","link":"https:\/\/latinbusinesstoday.com\/es\/alzheimer-en-nuestra-comunidad\/","title":{"rendered":"Concientizaci\u00f3n sobre la Enfermedad de Alzheimer en la Comunidad Latina"},"content":{"rendered":"<h2>Alzheimer en nuestra comunidad: Llamado a la acci\u00f3n para concientizaci\u00f3n y apoyo<\/h2>\n<p><span style=\"font-weight: 400;\">La imagen es de un molinillo de viento de color naranja en la Caminata para acabar con el Alzheimer que se celebr\u00f3 en Westchester Community College el 6 de octubre de 2024.\u00a0 La flor naranja representa a los caminantes que quieren ver un mundo sin Alzheimer y sin demencia.<\/span><\/p>\n<p><span style=\"font-weight: 400;\">Es probable que un ser querido padezca de Alzheimer u otra forma de demencia.\u00a0 De hecho, <\/span><a href=\"https:\/\/www.alz.org\/ayuda-y-apoyo\/recursos\/hispanos-y-el-alzheimer?lang=es-MX\"><span style=\"font-weight: 400;\">los hispanoamericanos son una vez y media m\u00e1s propensos a desarrollar demencia o la enfermedad de Alzheimer que los blancos no hispanos<\/span><\/a><span style=\"font-weight: 400;\">, pero necesitamos m\u00e1s investigaci\u00f3n para comprender las razones subyacentes de esta discrepancia.\u00a0 Comprender y abordar la enfermedad de Alzheimer es crucial para la salud individual y comunitaria, y en la comunidad hispana existe una necesidad urgente de educar e informar sobre la importancia de la detecci\u00f3n temprana, la prevenci\u00f3n, y los recursos disponibles para las personas afectadas por esta enfermedad.<\/span><\/p>\n<figure id=\"attachment_111524\" aria-describedby=\"caption-attachment-111524\" style=\"width: 226px\" class=\"wp-caption alignright\"><img decoding=\"async\" class=\"size-medium wp-image-111524\" src=\"https:\/\/latinbusinesstoday.com\/wp-content\/uploads\/2024\/12\/PXL_20241006_154632686-scaled-e1734033629796.jpg\" alt=\"Person writing on the memory wall at the October 6, 2024, Walk to End Alzheimer\u2019s\" width=\"226\" height=\"300\" \/><figcaption id=\"caption-attachment-111524\" class=\"wp-caption-text\"><span style=\"font-weight: 400;\">Sonia Martinez escribe en un muro de memorias en la Caminata para acabar con el Alzheimer, el 6 de octubre de 2024<\/span>.<\/figcaption><\/figure>\n<p><a href=\"https:\/\/www.alz.org\/blog\/alz\/september-2021-(2)\/advocate-raises-alzheimers-and-dementia-awareness?lang=es-MX\"><span style=\"font-weight: 400;\">Sonia Martinez<\/span><\/a><span style=\"font-weight: 400;\"> pertenece a la Junta Directiva del <\/span><a href=\"https:\/\/www.alz.org\/hudsonvalley\/about_us?lang=es-MX\"><span style=\"font-weight: 400;\">Cap\u00edtulo de Hudson Valley de la Alzheimer\u2019s Association<\/span><\/a><span style=\"font-weight: 400;\">, cuya misi\u00f3n es brindar apoyo y asistencia a las comunidades de la regi\u00f3n del Valle del Hudson en el estado de Nueva York.\u00a0 Habla con pasi\u00f3n sobre su responsabilidad como latina en crear conciencia sobre c\u00f3mo la comunidad latina se ve afectada desproporcionadamente por estas enfermedades, y sobre la necesidad de educar sobre la salud cerebral, la detecci\u00f3n temprana, y los recursos para pacientes y familias.<\/span><\/p>\n<p><span style=\"font-weight: 400;\">El Alzheimer ha afectado duramente a la familia de Sonia: perdi\u00f3 a su padre y a un t\u00edo por Alzheimer, y su madre sufre actualmente con demencia.\u00a0 Sonia no duda en se\u00f1alar que las barreras culturales y ling\u00fc\u00edsticas dificultan la navegaci\u00f3n en el \u00e1mbito sanitario.\u00a0 Los m\u00e9dicos rara vez abordan el tema de la salud cognitiva.\u00a0 Muchos saben poco sobre este tema.\u00a0 Pocos sugieren pruebas o ex\u00e1menes para detectar demencia.\u00a0 Todo esto conduce a la cruda realidad de que demasiadas personas de la comunidad latina se quedan sin diagnosis o sin tratamiento.\u00a0 Parte de la soluci\u00f3n para generar avances en la investigaci\u00f3n y mejorar la atenci\u00f3n es crear conciencia sobre las necesidades espec\u00edficas de las personas de la comunidad latina.<\/span><\/p>\n<h2><span style=\"font-weight: 500;\">Apoya la salud cerebral en tu organizaci\u00f3n<\/span><\/h2>\n<p><span style=\"font-weight: 400;\">Pasamos aproximadamente <\/span><a href=\"https:\/\/www.gettysburg.edu\/news\/stories?id=79db7b34-630c-4f49-ad32-4ab9ea48e72b&amp;pageTitle=One+third+of+your+life+is+spent+at+work\"><span style=\"font-weight: 400;\">un tercio de nuestras vidas en el trabajo<\/span><\/a><span style=\"font-weight: 400;\">, as\u00ed que vale la pena tomar un momento para pensar en lo que podemos hacer ahora para que nuestro lugar de trabajo sea m\u00e1s <\/span><a href=\"https:\/\/www.alz.org\/ayuda-y-apoyo\/la-salud-cerebral\/10-habitos-saludables-para-su-cerebro\"><span style=\"font-weight: 400;\">saludable para el cerebro<\/span><\/a><span style=\"font-weight: 400;\">.\u00a0 Seg\u00fan la Alzheimer\u2019s Association, la salud cerebral se estimula con desaf\u00edos mentales y con el aprendizaje de nuevas habilidades.\u00a0 Por lo tanto, ahora tienes una raz\u00f3n m\u00e1s para promover oportunidades de desarrollo profesional para tus empleados.\u00a0 Tambi\u00e9n son fundamentales para la salud cerebral los h\u00e1bitos saludables de ejercicio y dieta, as\u00ed como la higiene del sue\u00f1o.\u00a0 Piensa en lo bien que tu organizaci\u00f3n ayuda a tus empleados a comer bien, moverse con frecuencia, y descansar lo suficiente.\u00a0 A lo mejor este es un buen momento para implementar mejoras.<\/span><\/p>\n<p><span style=\"font-weight: 400;\">Tambi\u00e9n reflexiona moment\u00e1neamente para considerar c\u00f3mo tu organizaci\u00f3n apoya a los empleados que cuidan a familiares afectados por Alzheimer o demencia.\u00a0 \u00bfQu\u00e9 sistemas de apoyo en el lugar de trabajo ya existen?\u00a0 \u00bfTu compa\u00f1\u00eda fomenta la resiliencia y esperanza, y proporciona ayuda para encontrar recursos?\u00a0 Hay muchos <\/span><a href=\"https:\/\/www.alz.org\/ayuda-y-apoyo\/cuidado\"><span style=\"font-weight: 400;\">recursos disponibles<\/span><\/a><span style=\"font-weight: 400;\"> para facilitar la planificaci\u00f3n y el cuidado.<\/span><\/p>\n<h2><span style=\"font-weight: 500;\">Convi\u00e9rtete en patrocinador corporativo<\/span><\/h2>\n<p><span style=\"font-weight: 400;\">En Latin Biz Today escribimos muchos sobre la participaci\u00f3n comunitaria y su importancia para la prosperidad de las empresas latinas.\u00a0 Organizaciones como la Alzheimer\u2019s Association ofrecen m\u00faltiples formas para que las empresas participen en su trabajo: a trav\u00e9s del patrocinio de eventos, con licencias de contenido de marca compartida, y a trav\u00e9s de oportunidades para unirse a consejos de liderazgo de la industria.\u00a0 Tu equipo puede participar en una <\/span><a href=\"https:\/\/es.act.alz.org\/site\/SPageServer?pagename=walk_homepage\"><span style=\"font-weight: 400;\">caminata (Walk to End Alzheimer\u2019s)<\/span><\/a><span style=\"font-weight: 400;\"> o en un <\/span><a href=\"https:\/\/es.act.alz.org\/site\/SPageServer\/?pagename=ride_homepage\"><span style=\"font-weight: 400;\">paseo en bicicleta (Ride to End ALZ)<\/span><\/a><span style=\"font-weight: 400;\"> para honrar y recordar a sus seres queridos y, al mismo tiempo, brindar apoyo filantr\u00f3pico que se utilizar\u00e1 para apoyar la investigaci\u00f3n y aumentar los recursos para la diagnosis y el tratamiento.<\/span><\/p>\n<h1><b>\u00a1Movilic\u00e9monos!<\/b><\/h1>\n<p><span style=\"font-weight: 400;\">La comunidad latina tiene una necesidad particular de aumentar y mejorar recursos e informaci\u00f3n relacionados con la enfermedad de Alzheimer, para as\u00ed mejorar el bienestar tanto individual como comunitario.\u00a0 En \u00faltima instancia, debemos abogar por avances en la investigaci\u00f3n y el cuidado, para as\u00ed eventualmente crear un mundo sin esta enfermedad desgarradora.\u00a0 Todos podemos contribuir, creando conciencia, derribando barreras culturales y ling\u00fc\u00edsticas, y mejorando el acceso a los recursos.\u00a0 Al abogar por m\u00e1s investigaci\u00f3n, detecci\u00f3n temprana, y atenci\u00f3n culturalmente competente, podemos empoderar a nuestras familias a enfrentar este desaf\u00edo directamente.<\/span><\/p>\n<p><span style=\"font-weight: 400;\">Las personas que sufren Alzheimer u otras demencias pueden comunicarse directamente con la Alzheimer\u2019s Association, 1-800-272-3900.\u00a0 <\/span><a href=\"https:\/\/www.alz.org\/ayuda-y-apoyo?lang=es-MX\"><span style=\"font-weight: 400;\">\u00a1Hay ayuda y apoyo disponibles!<\/span><\/a><\/p>\n<h4>Related content:<\/h4>\n<p class=\"entry-title\"><a href=\"https:\/\/latinbusinesstoday.com\/the-power-of-continuous-learning-for-brain-health-and-latinos\/\" rel=\"bookmark\">The Power of Continuous Learning for Brain Health and Latinos<\/a><\/p>\n<p class=\"entry-title\"><a href=\"https:\/\/latinbusinesstoday.com\/world-mental-health-day-pranayama-what-is-it\/\" rel=\"bookmark\">World Mental Health Day &amp; Pranayama: What Is It?<\/a><\/p>\n<p class=\"entry-title\"><a href=\"https:\/\/latinbusinesstoday.com\/7-steps-to-end-brain-fog\/\" rel=\"bookmark\">7 Steps to End Brain Fog!<\/a><\/p>\n","protected":false},"excerpt":{"rendered":"<p>Alzheimer en nuestra comunidad: Llamado a la acci\u00f3n para concientizaci\u00f3n y apoyo La imagen es de un molinillo de viento de color naranja en la Caminata para acabar con el &#8230;<\/p>\n","protected":false},"author":2094,"featured_media":111522,"comment_status":"closed","ping_status":"closed","sticky":false,"template":"","format":"standard","meta":{"_acf_changed":false,"om_disable_all_campaigns":false,"inline_featured_image":false,"footnotes":""},"categories":[1629,1653,1626],"tags":[1732,1734,1733,1731],"class_list":["post-111527","post","type-post","status-publish","format-standard","has-post-thumbnail","hentry","category-bienestar","category-perspectivas-latinas-es","category-salud-y-fitness","tag-atencion-plena","tag-mentalidad","tag-niebla-mental","tag-salud"],"acf":[],"yoast_head":"<!-- This site is optimized with the Yoast SEO plugin v27.2 - https:\/\/yoast.com\/product\/yoast-seo-wordpress\/ -->\n<title>Concientizaci\u00f3n sobre la Enfermedad de Alzheimer en la Comunidad Latina - Latin Business Hoy<\/title>\n<meta name=\"description\" content=\"Este art\u00edculo resume el impacto de la enfermedad de Alzheimer en la comunidad latina, resaltando la importancia de la concientizaci\u00f3n.\" \/>\n<meta name=\"robots\" content=\"index, follow, max-snippet:-1, max-image-preview:large, max-video-preview:-1\" \/>\n<link rel=\"canonical\" href=\"https:\/\/latinbusinesstoday.com\/es\/alzheimer-en-nuestra-comunidad\/\" \/>\n<meta property=\"og:locale\" content=\"es_ES\" \/>\n<meta property=\"og:type\" content=\"article\" \/>\n<meta property=\"og:title\" content=\"Concientizaci\u00f3n sobre la Enfermedad de Alzheimer en la Comunidad Latina - Latin Business Hoy\" \/>\n<meta property=\"og:description\" content=\"Este art\u00edculo resume el impacto de la enfermedad de Alzheimer en la comunidad latina, resaltando la importancia de la concientizaci\u00f3n.\" \/>\n<meta property=\"og:url\" content=\"https:\/\/latinbusinesstoday.com\/es\/alzheimer-en-nuestra-comunidad\/\" \/>\n<meta property=\"og:site_name\" content=\"Latin Business Hoy\" \/>\n<meta property=\"article:publisher\" content=\"https:\/\/www.facebook.com\/LatinBusinessToday\" \/>\n<meta property=\"article:published_time\" content=\"2024-12-13T10:00:11+00:00\" \/>\n<meta property=\"article:modified_time\" content=\"2025-12-06T14:47:51+00:00\" \/>\n<meta property=\"og:image\" content=\"https:\/\/latinbusinesstoday.com\/wp-content\/uploads\/2024\/12\/PXL_20241006_162131008-EFFECTS-scaled.jpg\" \/>\n\t<meta property=\"og:image:width\" content=\"2560\" \/>\n\t<meta property=\"og:image:height\" content=\"1928\" \/>\n\t<meta property=\"og:image:type\" content=\"image\/jpeg\" \/>\n<meta name=\"author\" content=\"Eva Fern\u00e1ndez\" \/>\n<meta name=\"twitter:card\" content=\"summary_large_image\" \/>\n<meta name=\"twitter:creator\" content=\"@latinbiztoday\" \/>\n<meta name=\"twitter:site\" content=\"@latinbiztoday\" \/>\n<meta name=\"twitter:label1\" content=\"Escrito por\" \/>\n\t<meta name=\"twitter:data1\" content=\"Eva Fern\u00e1ndez\" \/>\n\t<meta name=\"twitter:label2\" content=\"Tiempo de lectura\" \/>\n\t<meta name=\"twitter:data2\" content=\"4 minutos\" \/>\n<script type=\"application\/ld+json\" class=\"yoast-schema-graph\">{\"@context\":\"https:\/\/schema.org\",\"@graph\":[{\"@type\":\"Article\",\"@id\":\"https:\/\/latinbusinesstoday.com\/es\/alzheimer-en-nuestra-comunidad\/#article\",\"isPartOf\":{\"@id\":\"https:\/\/latinbusinesstoday.com\/es\/alzheimer-en-nuestra-comunidad\/\"},\"author\":{\"name\":\"Eva Fern\u00e1ndez\",\"@id\":\"https:\/\/latinbusinesstoday.com\/es\/#\/schema\/person\/37b6b250dcc930f0ff2ca0a2229ed9fa\"},\"headline\":\"Concientizaci\u00f3n sobre la Enfermedad de Alzheimer en la Comunidad Latina\",\"datePublished\":\"2024-12-13T10:00:11+00:00\",\"dateModified\":\"2025-12-06T14:47:51+00:00\",\"mainEntityOfPage\":{\"@id\":\"https:\/\/latinbusinesstoday.com\/es\/alzheimer-en-nuestra-comunidad\/\"},\"wordCount\":906,\"publisher\":{\"@id\":\"https:\/\/latinbusinesstoday.com\/es\/#organization\"},\"image\":{\"@id\":\"https:\/\/latinbusinesstoday.com\/es\/alzheimer-en-nuestra-comunidad\/#primaryimage\"},\"thumbnailUrl\":\"https:\/\/latinbusinesstoday.com\/wp-content\/uploads\/2024\/12\/PXL_20241006_162131008-EFFECTS-scaled.jpg\",\"keywords\":[\"atenci\u00f3n plena\",\"mentalidad\",\"niebla mental\",\"salud\"],\"articleSection\":[\"Bienestar\",\"Perspectivas Latinas\",\"Salud y Fitness\"],\"inLanguage\":\"es\"},{\"@type\":\"WebPage\",\"@id\":\"https:\/\/latinbusinesstoday.com\/es\/alzheimer-en-nuestra-comunidad\/\",\"url\":\"https:\/\/latinbusinesstoday.com\/es\/alzheimer-en-nuestra-comunidad\/\",\"name\":\"Concientizaci\u00f3n sobre la Enfermedad de Alzheimer en la Comunidad Latina - Latin Business Hoy\",\"isPartOf\":{\"@id\":\"https:\/\/latinbusinesstoday.com\/es\/#website\"},\"primaryImageOfPage\":{\"@id\":\"https:\/\/latinbusinesstoday.com\/es\/alzheimer-en-nuestra-comunidad\/#primaryimage\"},\"image\":{\"@id\":\"https:\/\/latinbusinesstoday.com\/es\/alzheimer-en-nuestra-comunidad\/#primaryimage\"},\"thumbnailUrl\":\"https:\/\/latinbusinesstoday.com\/wp-content\/uploads\/2024\/12\/PXL_20241006_162131008-EFFECTS-scaled.jpg\",\"datePublished\":\"2024-12-13T10:00:11+00:00\",\"dateModified\":\"2025-12-06T14:47:51+00:00\",\"description\":\"Este art\u00edculo resume el impacto de la enfermedad de Alzheimer en la comunidad latina, resaltando la importancia de la concientizaci\u00f3n.\",\"breadcrumb\":{\"@id\":\"https:\/\/latinbusinesstoday.com\/es\/alzheimer-en-nuestra-comunidad\/#breadcrumb\"},\"inLanguage\":\"es\",\"potentialAction\":[{\"@type\":\"ReadAction\",\"target\":[\"https:\/\/latinbusinesstoday.com\/es\/alzheimer-en-nuestra-comunidad\/\"]}]},{\"@type\":\"ImageObject\",\"inLanguage\":\"es\",\"@id\":\"https:\/\/latinbusinesstoday.com\/es\/alzheimer-en-nuestra-comunidad\/#primaryimage\",\"url\":\"https:\/\/latinbusinesstoday.com\/wp-content\/uploads\/2024\/12\/PXL_20241006_162131008-EFFECTS-scaled.jpg\",\"contentUrl\":\"https:\/\/latinbusinesstoday.com\/wp-content\/uploads\/2024\/12\/PXL_20241006_162131008-EFFECTS-scaled.jpg\",\"width\":2560,\"height\":1928,\"caption\":\"Concientizaci\u00f3n sobre la Enfermedad de Alzheimer en la Comunidad Latina\"},{\"@type\":\"BreadcrumbList\",\"@id\":\"https:\/\/latinbusinesstoday.com\/es\/alzheimer-en-nuestra-comunidad\/#breadcrumb\",\"itemListElement\":[{\"@type\":\"ListItem\",\"position\":1,\"name\":\"P\u00e1gina Principal\",\"item\":\"https:\/\/latinbusinesstoday.com\/es\/\"},{\"@type\":\"ListItem\",\"position\":2,\"name\":\"Bienestar\",\"item\":\"https:\/\/latinbusinesstoday.com\/es\/categoria\/bienestar\/\"},{\"@type\":\"ListItem\",\"position\":3,\"name\":\"Salud y Fitness\",\"item\":\"https:\/\/latinbusinesstoday.com\/es\/categoria\/bienestar\/salud-y-fitness\/\"},{\"@type\":\"ListItem\",\"position\":4,\"name\":\"Concientizaci\u00f3n sobre la Enfermedad de Alzheimer en la Comunidad Latina\"}]},{\"@type\":\"WebSite\",\"@id\":\"https:\/\/latinbusinesstoday.com\/es\/#website\",\"url\":\"https:\/\/latinbusinesstoday.com\/es\/\",\"name\":\"Latin Business Hoy\",\"description\":\"Red de Negocios Hispanos\",\"publisher\":{\"@id\":\"https:\/\/latinbusinesstoday.com\/es\/#organization\"},\"potentialAction\":[{\"@type\":\"SearchAction\",\"target\":{\"@type\":\"EntryPoint\",\"urlTemplate\":\"https:\/\/latinbusinesstoday.com\/es\/?s={search_term_string}\"},\"query-input\":{\"@type\":\"PropertyValueSpecification\",\"valueRequired\":true,\"valueName\":\"search_term_string\"}}],\"inLanguage\":\"es\"},{\"@type\":\"Organization\",\"@id\":\"https:\/\/latinbusinesstoday.com\/es\/#organization\",\"name\":\"Latin Business Hoy\",\"url\":\"https:\/\/latinbusinesstoday.com\/es\/\",\"logo\":{\"@type\":\"ImageObject\",\"inLanguage\":\"es\",\"@id\":\"https:\/\/latinbusinesstoday.com\/es\/#\/schema\/logo\/image\/\",\"url\":\"https:\/\/latinbusinesstoday.com\/wp-content\/uploads\/2022\/04\/LBT-main-logo-menu-300.png\",\"contentUrl\":\"https:\/\/latinbusinesstoday.com\/wp-content\/uploads\/2022\/04\/LBT-main-logo-menu-300.png\",\"width\":300,\"height\":160,\"caption\":\"Latin Business Hoy\"},\"image\":{\"@id\":\"https:\/\/latinbusinesstoday.com\/es\/#\/schema\/logo\/image\/\"},\"sameAs\":[\"https:\/\/www.facebook.com\/LatinBusinessToday\",\"https:\/\/x.com\/latinbiztoday\",\"https:\/\/instagram.com\/latinbusinesstoday\",\"https:\/\/www.linkedin.com\/company\/2364132\/\"]},{\"@type\":\"Person\",\"@id\":\"https:\/\/latinbusinesstoday.com\/es\/#\/schema\/person\/37b6b250dcc930f0ff2ca0a2229ed9fa\",\"name\":\"Eva Fern\u00e1ndez\",\"image\":{\"@type\":\"ImageObject\",\"inLanguage\":\"es\",\"@id\":\"https:\/\/latinbusinesstoday.com\/wp-content\/uploads\/2024\/08\/Eva-Fernandez-150x150.jpg\",\"url\":\"https:\/\/latinbusinesstoday.com\/wp-content\/uploads\/2024\/08\/Eva-Fernandez-150x150.jpg\",\"contentUrl\":\"https:\/\/latinbusinesstoday.com\/wp-content\/uploads\/2024\/08\/Eva-Fernandez-150x150.jpg\",\"caption\":\"Eva Fern\u00e1ndez\"},\"description\":\"Eva M. Fern\u00e1ndez, PhD, is a higher education leader with experience fostering faculty effectiveness in teaching, deepening learning through experiential education, strengthening institutions through shared governance, and forging institutional and community partnerships. Her leadership experience includes serving as Provost and Vice President for Academic Affairs at Mercy University and as Interim Vice President for Academic Affairs and Provost at the Stella and Charles Guttman Community College, in the City University of New York (CUNY). Previously, at Queens College, she held a progression of roles culminating in Associate Provost for Innovation and Student Success.\",\"sameAs\":[\"http:\/\/www.linkedin.com\/in\/emfernandez\"],\"url\":\"https:\/\/latinbusinesstoday.com\/es\/author\/dr-eva-fernandez\/\"}]}<\/script>\n<!-- \/ Yoast SEO plugin. -->","yoast_head_json":{"title":"Concientizaci\u00f3n sobre la Enfermedad de Alzheimer en la Comunidad Latina - Latin Business Hoy","description":"Este art\u00edculo resume el impacto de la enfermedad de Alzheimer en la comunidad latina, resaltando la importancia de la concientizaci\u00f3n.","robots":{"index":"index","follow":"follow","max-snippet":"max-snippet:-1","max-image-preview":"max-image-preview:large","max-video-preview":"max-video-preview:-1"},"canonical":"https:\/\/latinbusinesstoday.com\/es\/alzheimer-en-nuestra-comunidad\/","og_locale":"es_ES","og_type":"article","og_title":"Concientizaci\u00f3n sobre la Enfermedad de Alzheimer en la Comunidad Latina - Latin Business Hoy","og_description":"Este art\u00edculo resume el impacto de la enfermedad de Alzheimer en la comunidad latina, resaltando la importancia de la concientizaci\u00f3n.","og_url":"https:\/\/latinbusinesstoday.com\/es\/alzheimer-en-nuestra-comunidad\/","og_site_name":"Latin Business Hoy","article_publisher":"https:\/\/www.facebook.com\/LatinBusinessToday","article_published_time":"2024-12-13T10:00:11+00:00","article_modified_time":"2025-12-06T14:47:51+00:00","og_image":[{"width":2560,"height":1928,"url":"https:\/\/latinbusinesstoday.com\/wp-content\/uploads\/2024\/12\/PXL_20241006_162131008-EFFECTS-scaled.jpg","type":"image\/jpeg"}],"author":"Eva Fern\u00e1ndez","twitter_card":"summary_large_image","twitter_creator":"@latinbiztoday","twitter_site":"@latinbiztoday","twitter_misc":{"Escrito por":"Eva Fern\u00e1ndez","Tiempo de lectura":"4 minutos"},"schema":{"@context":"https:\/\/schema.org","@graph":[{"@type":"Article","@id":"https:\/\/latinbusinesstoday.com\/es\/alzheimer-en-nuestra-comunidad\/#article","isPartOf":{"@id":"https:\/\/latinbusinesstoday.com\/es\/alzheimer-en-nuestra-comunidad\/"},"author":{"name":"Eva Fern\u00e1ndez","@id":"https:\/\/latinbusinesstoday.com\/es\/#\/schema\/person\/37b6b250dcc930f0ff2ca0a2229ed9fa"},"headline":"Concientizaci\u00f3n sobre la Enfermedad de Alzheimer en la Comunidad Latina","datePublished":"2024-12-13T10:00:11+00:00","dateModified":"2025-12-06T14:47:51+00:00","mainEntityOfPage":{"@id":"https:\/\/latinbusinesstoday.com\/es\/alzheimer-en-nuestra-comunidad\/"},"wordCount":906,"publisher":{"@id":"https:\/\/latinbusinesstoday.com\/es\/#organization"},"image":{"@id":"https:\/\/latinbusinesstoday.com\/es\/alzheimer-en-nuestra-comunidad\/#primaryimage"},"thumbnailUrl":"https:\/\/latinbusinesstoday.com\/wp-content\/uploads\/2024\/12\/PXL_20241006_162131008-EFFECTS-scaled.jpg","keywords":["atenci\u00f3n plena","mentalidad","niebla mental","salud"],"articleSection":["Bienestar","Perspectivas Latinas","Salud y Fitness"],"inLanguage":"es"},{"@type":"WebPage","@id":"https:\/\/latinbusinesstoday.com\/es\/alzheimer-en-nuestra-comunidad\/","url":"https:\/\/latinbusinesstoday.com\/es\/alzheimer-en-nuestra-comunidad\/","name":"Concientizaci\u00f3n sobre la Enfermedad de Alzheimer en la Comunidad Latina - Latin Business Hoy","isPartOf":{"@id":"https:\/\/latinbusinesstoday.com\/es\/#website"},"primaryImageOfPage":{"@id":"https:\/\/latinbusinesstoday.com\/es\/alzheimer-en-nuestra-comunidad\/#primaryimage"},"image":{"@id":"https:\/\/latinbusinesstoday.com\/es\/alzheimer-en-nuestra-comunidad\/#primaryimage"},"thumbnailUrl":"https:\/\/latinbusinesstoday.com\/wp-content\/uploads\/2024\/12\/PXL_20241006_162131008-EFFECTS-scaled.jpg","datePublished":"2024-12-13T10:00:11+00:00","dateModified":"2025-12-06T14:47:51+00:00","description":"Este art\u00edculo resume el impacto de la enfermedad de Alzheimer en la comunidad latina, resaltando la importancia de la concientizaci\u00f3n.","breadcrumb":{"@id":"https:\/\/latinbusinesstoday.com\/es\/alzheimer-en-nuestra-comunidad\/#breadcrumb"},"inLanguage":"es","potentialAction":[{"@type":"ReadAction","target":["https:\/\/latinbusinesstoday.com\/es\/alzheimer-en-nuestra-comunidad\/"]}]},{"@type":"ImageObject","inLanguage":"es","@id":"https:\/\/latinbusinesstoday.com\/es\/alzheimer-en-nuestra-comunidad\/#primaryimage","url":"https:\/\/latinbusinesstoday.com\/wp-content\/uploads\/2024\/12\/PXL_20241006_162131008-EFFECTS-scaled.jpg","contentUrl":"https:\/\/latinbusinesstoday.com\/wp-content\/uploads\/2024\/12\/PXL_20241006_162131008-EFFECTS-scaled.jpg","width":2560,"height":1928,"caption":"Concientizaci\u00f3n sobre la Enfermedad de Alzheimer en la Comunidad Latina"},{"@type":"BreadcrumbList","@id":"https:\/\/latinbusinesstoday.com\/es\/alzheimer-en-nuestra-comunidad\/#breadcrumb","itemListElement":[{"@type":"ListItem","position":1,"name":"P\u00e1gina Principal","item":"https:\/\/latinbusinesstoday.com\/es\/"},{"@type":"ListItem","position":2,"name":"Bienestar","item":"https:\/\/latinbusinesstoday.com\/es\/categoria\/bienestar\/"},{"@type":"ListItem","position":3,"name":"Salud y Fitness","item":"https:\/\/latinbusinesstoday.com\/es\/categoria\/bienestar\/salud-y-fitness\/"},{"@type":"ListItem","position":4,"name":"Concientizaci\u00f3n sobre la Enfermedad de Alzheimer en la Comunidad Latina"}]},{"@type":"WebSite","@id":"https:\/\/latinbusinesstoday.com\/es\/#website","url":"https:\/\/latinbusinesstoday.com\/es\/","name":"Latin Business Hoy","description":"Red de Negocios Hispanos","publisher":{"@id":"https:\/\/latinbusinesstoday.com\/es\/#organization"},"potentialAction":[{"@type":"SearchAction","target":{"@type":"EntryPoint","urlTemplate":"https:\/\/latinbusinesstoday.com\/es\/?s={search_term_string}"},"query-input":{"@type":"PropertyValueSpecification","valueRequired":true,"valueName":"search_term_string"}}],"inLanguage":"es"},{"@type":"Organization","@id":"https:\/\/latinbusinesstoday.com\/es\/#organization","name":"Latin Business Hoy","url":"https:\/\/latinbusinesstoday.com\/es\/","logo":{"@type":"ImageObject","inLanguage":"es","@id":"https:\/\/latinbusinesstoday.com\/es\/#\/schema\/logo\/image\/","url":"https:\/\/latinbusinesstoday.com\/wp-content\/uploads\/2022\/04\/LBT-main-logo-menu-300.png","contentUrl":"https:\/\/latinbusinesstoday.com\/wp-content\/uploads\/2022\/04\/LBT-main-logo-menu-300.png","width":300,"height":160,"caption":"Latin Business Hoy"},"image":{"@id":"https:\/\/latinbusinesstoday.com\/es\/#\/schema\/logo\/image\/"},"sameAs":["https:\/\/www.facebook.com\/LatinBusinessToday","https:\/\/x.com\/latinbiztoday","https:\/\/instagram.com\/latinbusinesstoday","https:\/\/www.linkedin.com\/company\/2364132\/"]},{"@type":"Person","@id":"https:\/\/latinbusinesstoday.com\/es\/#\/schema\/person\/37b6b250dcc930f0ff2ca0a2229ed9fa","name":"Eva Fern\u00e1ndez","image":{"@type":"ImageObject","inLanguage":"es","@id":"https:\/\/latinbusinesstoday.com\/wp-content\/uploads\/2024\/08\/Eva-Fernandez-150x150.jpg","url":"https:\/\/latinbusinesstoday.com\/wp-content\/uploads\/2024\/08\/Eva-Fernandez-150x150.jpg","contentUrl":"https:\/\/latinbusinesstoday.com\/wp-content\/uploads\/2024\/08\/Eva-Fernandez-150x150.jpg","caption":"Eva Fern\u00e1ndez"},"description":"Eva M. Fern\u00e1ndez, PhD, is a higher education leader with experience fostering faculty effectiveness in teaching, deepening learning through experiential education, strengthening institutions through shared governance, and forging institutional and community partnerships. Her leadership experience includes serving as Provost and Vice President for Academic Affairs at Mercy University and as Interim Vice President for Academic Affairs and Provost at the Stella and Charles Guttman Community College, in the City University of New York (CUNY). Previously, at Queens College, she held a progression of roles culminating in Associate Provost for Innovation and Student Success.","sameAs":["http:\/\/www.linkedin.com\/in\/emfernandez"],"url":"https:\/\/latinbusinesstoday.com\/es\/author\/dr-eva-fernandez\/"}]}},"_links":{"self":[{"href":"https:\/\/latinbusinesstoday.com\/es\/wp-json\/wp\/v2\/posts\/111527","targetHints":{"allow":["GET"]}}],"collection":[{"href":"https:\/\/latinbusinesstoday.com\/es\/wp-json\/wp\/v2\/posts"}],"about":[{"href":"https:\/\/latinbusinesstoday.com\/es\/wp-json\/wp\/v2\/types\/post"}],"author":[{"embeddable":true,"href":"https:\/\/latinbusinesstoday.com\/es\/wp-json\/wp\/v2\/users\/2094"}],"replies":[{"embeddable":true,"href":"https:\/\/latinbusinesstoday.com\/es\/wp-json\/wp\/v2\/comments?post=111527"}],"version-history":[{"count":3,"href":"https:\/\/latinbusinesstoday.com\/es\/wp-json\/wp\/v2\/posts\/111527\/revisions"}],"predecessor-version":[{"id":111536,"href":"https:\/\/latinbusinesstoday.com\/es\/wp-json\/wp\/v2\/posts\/111527\/revisions\/111536"}],"wp:featuredmedia":[{"embeddable":true,"href":"https:\/\/latinbusinesstoday.com\/es\/wp-json\/wp\/v2\/media\/111522"}],"wp:attachment":[{"href":"https:\/\/latinbusinesstoday.com\/es\/wp-json\/wp\/v2\/media?parent=111527"}],"wp:term":[{"taxonomy":"category","embeddable":true,"href":"https:\/\/latinbusinesstoday.com\/es\/wp-json\/wp\/v2\/categories?post=111527"},{"taxonomy":"post_tag","embeddable":true,"href":"https:\/\/latinbusinesstoday.com\/es\/wp-json\/wp\/v2\/tags?post=111527"}],"curies":[{"name":"wp","href":"https:\/\/api.w.org\/{rel}","templated":true}]}}